{"id":551,"date":"2015-11-21T01:35:33","date_gmt":"2015-11-20T23:35:33","guid":{"rendered":"http:\/\/www.wenger-online.de\/blog\/?p=551"},"modified":"2015-11-21T01:35:33","modified_gmt":"2015-11-20T23:35:33","slug":"sonnenkraft","status":"publish","type":"post","link":"http:\/\/www.wenger-online.de\/blog\/2015\/11\/21\/sonnenkraft\/","title":{"rendered":"Sonnenkraft"},"content":{"rendered":"<p>In den Herbstferien waren wir im Tessin, die letzten Sonnenstrahlen genie\u00dfen und diese w\u00e4rmten dieses Jahr noch wirklich wunderbar. Kastaniensammeln, Barfu\u00df in der Maggia laufen und steile H\u00e4nge erklimmen ist das Paradies f\u00fcr unsere Kids.<\/p>\n<figure id=\"attachment_552\" aria-describedby=\"caption-attachment-552\" style=\"width: 300px\" class=\"wp-caption alignright\"><a href=\"http:\/\/www.wenger-online.de\/blog\/wp-content\/uploads\/2015\/11\/P1060303k.jpg\"><img loading=\"lazy\" decoding=\"async\" class=\"wp-image-552 size-medium\" src=\"http:\/\/www.wenger-online.de\/blog\/wp-content\/uploads\/2015\/11\/P1060303k-300x200.jpg\" alt=\"Der erste Schnee - auf dem Weg ins Tessin\" width=\"300\" height=\"200\" srcset=\"http:\/\/www.wenger-online.de\/blog\/wp-content\/uploads\/2015\/11\/P1060303k-300x200.jpg 300w, http:\/\/www.wenger-online.de\/blog\/wp-content\/uploads\/2015\/11\/P1060303k.jpg 1024w\" sizes=\"auto, (max-width: 300px) 100vw, 300px\" \/><\/a><figcaption id=\"caption-attachment-552\" class=\"wp-caption-text\">Der erste Schnee &#8211; auf dem Weg ins Tessin<\/figcaption><\/figure>\n<p>Pause auf dem Gotthard, der erste Schnee und ganz viel Sonne. Die Kinder machen spontan eine Schneeballschlacht.<\/p>\n<figure id=\"attachment_554\" aria-describedby=\"caption-attachment-554\" style=\"width: 300px\" class=\"wp-caption alignright\"><a href=\"http:\/\/www.wenger-online.de\/blog\/wp-content\/uploads\/2015\/11\/P1060325k.jpg\"><img loading=\"lazy\" decoding=\"async\" class=\"wp-image-554 size-medium\" src=\"http:\/\/www.wenger-online.de\/blog\/wp-content\/uploads\/2015\/11\/P1060325k-300x200.jpg\" alt=\"Tessin2015-Solarkocher\" width=\"300\" height=\"200\" srcset=\"http:\/\/www.wenger-online.de\/blog\/wp-content\/uploads\/2015\/11\/P1060325k-300x200.jpg 300w, http:\/\/www.wenger-online.de\/blog\/wp-content\/uploads\/2015\/11\/P1060325k-1024x683.jpg 1024w, http:\/\/www.wenger-online.de\/blog\/wp-content\/uploads\/2015\/11\/P1060325k.jpg 1280w\" sizes=\"auto, (max-width: 300px) 100vw, 300px\" \/><\/a><figcaption id=\"caption-attachment-554\" class=\"wp-caption-text\">Solarkocher in der Sonne<\/figcaption><\/figure>\n<p>Auf Pianta Monda steht dieses mal ein neuer gl\u00e4nzender Solarkocher. Wir sind ganz begeistert, Kaffe und auch Kartoffeln kochen sich darauf wie von alleine und vor allem viel schneller als auf dem Holzherd. Allerdings nur bei Sonnenschein.<\/p>\n<figure id=\"attachment_553\" aria-describedby=\"caption-attachment-553\" style=\"width: 300px\" class=\"wp-caption alignright\"><a href=\"http:\/\/www.wenger-online.de\/blog\/wp-content\/uploads\/2015\/11\/P1060327k.jpg\"><img loading=\"lazy\" decoding=\"async\" class=\"wp-image-553 size-medium\" src=\"http:\/\/www.wenger-online.de\/blog\/wp-content\/uploads\/2015\/11\/P1060327k-300x200.jpg\" alt=\"Tessin2015-Solarkocher ausrichten\" width=\"300\" height=\"200\" srcset=\"http:\/\/www.wenger-online.de\/blog\/wp-content\/uploads\/2015\/11\/P1060327k-300x200.jpg 300w, http:\/\/www.wenger-online.de\/blog\/wp-content\/uploads\/2015\/11\/P1060327k.jpg 800w\" sizes=\"auto, (max-width: 300px) 100vw, 300px\" \/><\/a><figcaption id=\"caption-attachment-553\" class=\"wp-caption-text\">Damit der Parabolspiegel korrekt ausgerichtet ist muss der Schatten dieser Schraube exakt auf ihren Fu\u00dfpunkt fallen. Genial einfach.<\/figcaption><\/figure>\n<p>Wie jedes Jahr habe ich neue Lampen mitgebracht und defekte ersetzt oder repariert. In den seltensten F\u00e4llen sind es die LEDs die kaputt gehen, meistens sind es nur mechanische Defekte wie abgerissene Kabel. Dieses Jahr habe ich auch wieder einige meiner DIY LED-Leuchtstoffr\u00f6hren gebaut und damit alte 12V Leuchtstoffr\u00f6hren ersetzt. Diese leuchteten nach vielen Jahren nur noch schwach und verbrauchten daf\u00fcr rund 20 Watt. Die LEDs sind viel heller und brauchen nur 4 Watt.<\/p>\n<p>Jeweils 50cm LED Streifen wurde dazu in eine U-Plastik Schiene eingeklebt und mit Hei\u00dfkleber gesichert. Das Doppelklebeband auf der R\u00fcckseite der LED Streifen l\u00f6st sich mit der Zeit sonst wieder ab. Mit einer L\u00fcsterklemme versehen entstehen so handliche Lampen die einfach mit zwei Schrauben \u00fcberall montiert werden k\u00f6nnen.<\/p>\n<figure id=\"attachment_563\" aria-describedby=\"caption-attachment-563\" style=\"width: 300px\" class=\"wp-caption alignnone\"><a href=\"http:\/\/www.wenger-online.de\/blog\/wp-content\/uploads\/2015\/11\/P1060369k.jpg\"><img loading=\"lazy\" decoding=\"async\" class=\"wp-image-563 size-medium\" src=\"http:\/\/www.wenger-online.de\/blog\/wp-content\/uploads\/2015\/11\/P1060369k-300x200.jpg\" alt=\"LED Leuchtstoffr\u00f6hren\" width=\"300\" height=\"200\" srcset=\"http:\/\/www.wenger-online.de\/blog\/wp-content\/uploads\/2015\/11\/P1060369k-300x200.jpg 300w, http:\/\/www.wenger-online.de\/blog\/wp-content\/uploads\/2015\/11\/P1060369k-1024x683.jpg 1024w, http:\/\/www.wenger-online.de\/blog\/wp-content\/uploads\/2015\/11\/P1060369k.jpg 1280w\" sizes=\"auto, (max-width: 300px) 100vw, 300px\" \/><\/a><figcaption id=\"caption-attachment-563\" class=\"wp-caption-text\">Tessin2015- LEDs<\/figcaption><\/figure>\n<figure id=\"attachment_562\" aria-describedby=\"caption-attachment-562\" style=\"width: 300px\" class=\"wp-caption alignnone\"><a href=\"http:\/\/www.wenger-online.de\/blog\/wp-content\/uploads\/2015\/11\/P1060370k.jpg\"><img loading=\"lazy\" decoding=\"async\" class=\"wp-image-562 size-medium\" src=\"http:\/\/www.wenger-online.de\/blog\/wp-content\/uploads\/2015\/11\/P1060370k-300x200.jpg\" alt=\"Anschlu\u00dfdetail\" width=\"300\" height=\"200\" srcset=\"http:\/\/www.wenger-online.de\/blog\/wp-content\/uploads\/2015\/11\/P1060370k-300x200.jpg 300w, http:\/\/www.wenger-online.de\/blog\/wp-content\/uploads\/2015\/11\/P1060370k-1024x683.jpg 1024w, http:\/\/www.wenger-online.de\/blog\/wp-content\/uploads\/2015\/11\/P1060370k.jpg 1280w\" sizes=\"auto, (max-width: 300px) 100vw, 300px\" \/><\/a><figcaption id=\"caption-attachment-562\" class=\"wp-caption-text\">Tessin2015- LEDs<\/figcaption><\/figure>\n<p>Zu allerletzt noch ein paar Bilder<\/p>\n<div id='gallery-1' class='gallery galleryid-551 gallery-columns-3 gallery-size-thumbnail'><figure class='gallery-item'>\n\t\t\t<div class='gallery-icon portrait'>\n\t\t\t\t<a href='http:\/\/www.wenger-online.de\/blog\/2015\/11\/21\/sonnenkraft\/p1060343\/'><img loading=\"lazy\" decoding=\"async\" width=\"150\" height=\"150\" src=\"http:\/\/www.wenger-online.de\/blog\/wp-content\/uploads\/2015\/11\/P1060343-150x150.jpg\" class=\"attachment-thumbnail size-thumbnail\" alt=\"\" aria-describedby=\"gallery-1-557\" \/><\/a>\n\t\t\t<\/div>\n\t\t\t\t<figcaption class='wp-caption-text gallery-caption' id='gallery-1-557'>\n\t\t\t\tDer steile Weg zum &#8222;Gipfelkreuz&#8220;\n\t\t\t\t<\/figcaption><\/figure><figure class='gallery-item'>\n\t\t\t<div class='gallery-icon landscape'>\n\t\t\t\t<a href='http:\/\/www.wenger-online.de\/blog\/2015\/11\/21\/sonnenkraft\/p1060350-p1060352\/'><img loading=\"lazy\" decoding=\"async\" width=\"150\" height=\"150\" src=\"http:\/\/www.wenger-online.de\/blog\/wp-content\/uploads\/2015\/11\/P1060350-P1060352-150x150.jpg\" class=\"attachment-thumbnail size-thumbnail\" alt=\"\" aria-describedby=\"gallery-1-558\" \/><\/a>\n\t\t\t<\/div>\n\t\t\t\t<figcaption class='wp-caption-text gallery-caption' id='gallery-1-558'>\n\t\t\t\tRast auf der Alp\n\t\t\t\t<\/figcaption><\/figure><figure class='gallery-item'>\n\t\t\t<div class='gallery-icon landscape'>\n\t\t\t\t<a href='http:\/\/www.wenger-online.de\/blog\/2015\/11\/21\/sonnenkraft\/p1060356-p1060358\/'><img loading=\"lazy\" decoding=\"async\" width=\"150\" height=\"150\" src=\"http:\/\/www.wenger-online.de\/blog\/wp-content\/uploads\/2015\/11\/P1060356-P1060358-150x150.jpg\" class=\"attachment-thumbnail size-thumbnail\" alt=\"\" aria-describedby=\"gallery-1-559\" \/><\/a>\n\t\t\t<\/div>\n\t\t\t\t<figcaption class='wp-caption-text gallery-caption' id='gallery-1-559'>\n\t\t\t\tPanorama\n\t\t\t\t<\/figcaption><\/figure><figure class='gallery-item'>\n\t\t\t<div class='gallery-icon landscape'>\n\t\t\t\t<a href='http:\/\/www.wenger-online.de\/blog\/2015\/11\/21\/sonnenkraft\/p1060379k\/'><img loading=\"lazy\" decoding=\"async\" width=\"150\" height=\"150\" src=\"http:\/\/www.wenger-online.de\/blog\/wp-content\/uploads\/2015\/11\/P1060379k-150x150.jpg\" class=\"attachment-thumbnail size-thumbnail\" alt=\"\" aria-describedby=\"gallery-1-560\" \/><\/a>\n\t\t\t<\/div>\n\t\t\t\t<figcaption class='wp-caption-text gallery-caption' id='gallery-1-560'>\n\t\t\t\tMaggia\n\t\t\t\t<\/figcaption><\/figure><figure class='gallery-item'>\n\t\t\t<div class='gallery-icon landscape'>\n\t\t\t\t<a href='http:\/\/www.wenger-online.de\/blog\/2015\/11\/21\/sonnenkraft\/p1060374k\/'><img loading=\"lazy\" decoding=\"async\" width=\"150\" height=\"150\" src=\"http:\/\/www.wenger-online.de\/blog\/wp-content\/uploads\/2015\/11\/P1060374k-150x150.jpg\" class=\"attachment-thumbnail size-thumbnail\" alt=\"\" aria-describedby=\"gallery-1-561\" \/><\/a>\n\t\t\t<\/div>\n\t\t\t\t<figcaption class='wp-caption-text gallery-caption' id='gallery-1-561'>\n\t\t\t\tMaggia\n\t\t\t\t<\/figcaption><\/figure>\n\t\t<\/div>\n\n","protected":false},"excerpt":{"rendered":"<p>In den Herbstferien waren wir im Tessin, die letzten Sonnenstrahlen genie\u00dfen und diese w\u00e4rmten dieses Jahr noch wirklich wunderbar. Kastaniensammeln, Barfu\u00df in der Maggia laufen und steile H\u00e4nge erklimmen ist das Paradies f\u00fcr unsere Kids. Pause auf dem Gotthard, der erste Schnee und ganz viel Sonne. Die Kinder machen spontan eine Schneeballschlacht. Auf Pianta Monda &hellip; <a href=\"http:\/\/www.wenger-online.de\/blog\/2015\/11\/21\/sonnenkraft\/\" class=\"more-link\"><span class=\"screen-reader-text\">Sonnenkraft<\/span> weiterlesen<\/a><\/p>\n","protected":false},"author":1,"featured_media":0,"comment_status":"open","ping_status":"open","sticky":false,"template":"","format":"standard","meta":{"footnotes":""},"categories":[1],"tags":[],"class_list":["post-551","post","type-post","status-publish","format-standard","hentry","category-uncategorized"],"_links":{"self":[{"href":"http:\/\/www.wenger-online.de\/blog\/wp-json\/wp\/v2\/posts\/551","targetHints":{"allow":["GET"]}}],"collection":[{"href":"http:\/\/www.wenger-online.de\/blog\/wp-json\/wp\/v2\/posts"}],"about":[{"href":"http:\/\/www.wenger-online.de\/blog\/wp-json\/wp\/v2\/types\/post"}],"author":[{"embeddable":true,"href":"http:\/\/www.wenger-online.de\/blog\/wp-json\/wp\/v2\/users\/1"}],"replies":[{"embeddable":true,"href":"http:\/\/www.wenger-online.de\/blog\/wp-json\/wp\/v2\/comments?post=551"}],"version-history":[{"count":4,"href":"http:\/\/www.wenger-online.de\/blog\/wp-json\/wp\/v2\/posts\/551\/revisions"}],"predecessor-version":[{"id":565,"href":"http:\/\/www.wenger-online.de\/blog\/wp-json\/wp\/v2\/posts\/551\/revisions\/565"}],"wp:attachment":[{"href":"http:\/\/www.wenger-online.de\/blog\/wp-json\/wp\/v2\/media?parent=551"}],"wp:term":[{"taxonomy":"category","embeddable":true,"href":"http:\/\/www.wenger-online.de\/blog\/wp-json\/wp\/v2\/categories?post=551"},{"taxonomy":"post_tag","embeddable":true,"href":"http:\/\/www.wenger-online.de\/blog\/wp-json\/wp\/v2\/tags?post=551"}],"curies":[{"name":"wp","href":"https:\/\/api.w.org\/{rel}","templated":true}]}}